{"id":4736,"date":"2023-09-02T11:26:00","date_gmt":"2023-09-02T11:26:00","guid":{"rendered":"https:\/\/summercampforchambermusic.me\/?p=4736"},"modified":"2023-10-09T11:27:36","modified_gmt":"2023-10-09T11:27:36","slug":"gosl-string-quartet-debut-concert","status":"publish","type":"post","link":"https:\/\/summercampforchambermusic.me\/en\/gosl-string-quartet-debut-concert\/","title":{"rendered":"Gosl String Quartet &#8211; Debut Concert"},"content":{"rendered":"\n<p>The string quartet Gosl will perform for the first time in front of the Podgorica audience at one-hour concert on September 4, 2023, in the main hall of the Cultural Information Center (KIC) Budo Tomovi\u0107 at 8 p.m. The concert of this newly founded quartet will be held as part of the KIC\u2019s Chamber Music cycle.<\/p>\n\n\n\n<p>The quartet was formed last year at the Montenegro Summer Camp for Chamber Music, and is made up of young and talented string players: violinists Luka Perazi\u0107 and Viktor Huter, violist Petar Obradovi\u0107 and cellist Sari \u0160a\u0107iri. The program of the ensemble includes two string quartets: Felix Mendelssohn No. 6, Op. 80 and Dmitri Shostakovich No. 9, Op. 117.<\/p>\n\n\n\n<p>We are looking forward to the concert and are happy to have contributed to the initiative to create a new chamber ensemble in our country.<\/p>\n","protected":false},"excerpt":{"rendered":"<p>The string quartet Gosl will perform for the first time in front of the Podgorica audience at one-hour concert on September 4, 2023, in the main hall of the Cultural Information Center (KIC) Budo Tomovi\u0107 at 8 p.m. The concert &hellip;<\/p>\n","protected":false},"author":2,"featured_media":4734,"comment_status":"closed","ping_status":"closed","sticky":false,"template":"","format":"standard","meta":{"_acf_changed":false,"footnotes":""},"categories":[40],"tags":[],"class_list":["post-4736","post","type-post","status-publish","format-standard","has-post-thumbnail","hentry","category-news"],"acf":[],"_links":{"self":[{"href":"https:\/\/summercampforchambermusic.me\/en\/wp-json\/wp\/v2\/posts\/4736","targetHints":{"allow":["GET"]}}],"collection":[{"href":"https:\/\/summercampforchambermusic.me\/en\/wp-json\/wp\/v2\/posts"}],"about":[{"href":"https:\/\/summercampforchambermusic.me\/en\/wp-json\/wp\/v2\/types\/post"}],"author":[{"embeddable":true,"href":"https:\/\/summercampforchambermusic.me\/en\/wp-json\/wp\/v2\/users\/2"}],"replies":[{"embeddable":true,"href":"https:\/\/summercampforchambermusic.me\/en\/wp-json\/wp\/v2\/comments?post=4736"}],"version-history":[{"count":1,"href":"https:\/\/summercampforchambermusic.me\/en\/wp-json\/wp\/v2\/posts\/4736\/revisions"}],"predecessor-version":[{"id":4737,"href":"https:\/\/summercampforchambermusic.me\/en\/wp-json\/wp\/v2\/posts\/4736\/revisions\/4737"}],"wp:featuredmedia":[{"embeddable":true,"href":"https:\/\/summercampforchambermusic.me\/en\/wp-json\/wp\/v2\/media\/4734"}],"wp:attachment":[{"href":"https:\/\/summercampforchambermusic.me\/en\/wp-json\/wp\/v2\/media?parent=4736"}],"wp:term":[{"taxonomy":"category","embeddable":true,"href":"https:\/\/summercampforchambermusic.me\/en\/wp-json\/wp\/v2\/categories?post=4736"},{"taxonomy":"post_tag","embeddable":true,"href":"https:\/\/summercampforchambermusic.me\/en\/wp-json\/wp\/v2\/tags?post=4736"}],"curies":[{"name":"wp","href":"https:\/\/api.w.org\/{rel}","templated":true}]}}