{"id":4196,"date":"2021-08-03T11:12:23","date_gmt":"2021-08-03T11:12:23","guid":{"rendered":"https:\/\/summercampforchambermusic.me\/?p=4196"},"modified":"2022-02-13T13:18:01","modified_gmt":"2022-02-13T13:18:01","slug":"concert-of-duo-isak-haracic-i-sonja-markovic-at-summer-palace","status":"publish","type":"post","link":"https:\/\/summercampforchambermusic.me\/en\/concert-of-duo-isak-haracic-i-sonja-markovic-at-summer-palace\/","title":{"rendered":"Concert of Duo Isak Hara\u010di\u0107 and Sonja Markovi\u0107 at Summer Palace"},"content":{"rendered":"\n<p>Chamber duo \u2013 Isak Hara\u010di\u0107, cello and Sonja Markovi\u0107, piano will perform at the Summer Palace at Ivanova Korita on August 5, at 8 pm. Their&nbsp; concert program consists music of Camille Saint Saens (Suite for cello and piano, Op. 16; Sonata for cello and piano no.1, Op. 32) and Nadia Boulanger (Three pieces for cello and piano).<\/p>\n\n\n\n<p>In addition to concert activities, the members of this duo are professionally engaged in music institutions: Isak Hara\u010di\u0107 is the leader of the cello section at the Sarajevo Philharmonic, and Sonja Markovi\u0107 teaches piano at the Music School Trebinje. This duo is the winner of the European Commission&#8217;s I-Portunus grant for participation in this year&#8217;s Montenegro Summer Camp for Chamber Music. I-Portunus is a program that supports the mobility of artists, creators and cultural professionals, and its main objective is to connect international cultural communities among all countries participating in the Creative Europe Programme.<\/p>\n","protected":false},"excerpt":{"rendered":"<p>Chamber duo \u2013 Isak Hara\u010di\u0107, cello and Sonja Markovi\u0107, piano will perform at the Summer Palace at Ivanova Korita on August 5, at 8 pm.<\/p>\n","protected":false},"author":1,"featured_media":4194,"comment_status":"closed","ping_status":"closed","sticky":false,"template":"","format":"standard","meta":{"_acf_changed":false,"footnotes":""},"categories":[40],"tags":[],"class_list":["post-4196","post","type-post","status-publish","format-standard","has-post-thumbnail","hentry","category-news"],"acf":[],"_links":{"self":[{"href":"https:\/\/summercampforchambermusic.me\/en\/wp-json\/wp\/v2\/posts\/4196","targetHints":{"allow":["GET"]}}],"collection":[{"href":"https:\/\/summercampforchambermusic.me\/en\/wp-json\/wp\/v2\/posts"}],"about":[{"href":"https:\/\/summercampforchambermusic.me\/en\/wp-json\/wp\/v2\/types\/post"}],"author":[{"embeddable":true,"href":"https:\/\/summercampforchambermusic.me\/en\/wp-json\/wp\/v2\/users\/1"}],"replies":[{"embeddable":true,"href":"https:\/\/summercampforchambermusic.me\/en\/wp-json\/wp\/v2\/comments?post=4196"}],"version-history":[{"count":4,"href":"https:\/\/summercampforchambermusic.me\/en\/wp-json\/wp\/v2\/posts\/4196\/revisions"}],"predecessor-version":[{"id":4330,"href":"https:\/\/summercampforchambermusic.me\/en\/wp-json\/wp\/v2\/posts\/4196\/revisions\/4330"}],"wp:featuredmedia":[{"embeddable":true,"href":"https:\/\/summercampforchambermusic.me\/en\/wp-json\/wp\/v2\/media\/4194"}],"wp:attachment":[{"href":"https:\/\/summercampforchambermusic.me\/en\/wp-json\/wp\/v2\/media?parent=4196"}],"wp:term":[{"taxonomy":"category","embeddable":true,"href":"https:\/\/summercampforchambermusic.me\/en\/wp-json\/wp\/v2\/categories?post=4196"},{"taxonomy":"post_tag","embeddable":true,"href":"https:\/\/summercampforchambermusic.me\/en\/wp-json\/wp\/v2\/tags?post=4196"}],"curies":[{"name":"wp","href":"https:\/\/api.w.org\/{rel}","templated":true}]}}