{"id":4189,"date":"2021-08-02T08:51:12","date_gmt":"2021-08-02T08:51:12","guid":{"rendered":"https:\/\/summercampforchambermusic.me\/?p=4189"},"modified":"2021-08-03T07:56:55","modified_gmt":"2021-08-03T07:56:55","slug":"jubilee-montenegro-summer-camp-for-chamber-music-introduced-to-the-media","status":"publish","type":"post","link":"https:\/\/summercampforchambermusic.me\/en\/jubilee-montenegro-summer-camp-for-chamber-music-introduced-to-the-media\/","title":{"rendered":"Jubilee Montenegro Summer Camp for Chamber Music introduced to the media"},"content":{"rendered":"\n<p>Together with our European partners we presented the program of the tenth edition of the Montenegro Summer Camp for Chamber Music to the public. Editor of music program Maja Popovi\u0107, German ambassador to Montenegro dr Robert Weber, and Laurent Goncalves, director of Institut fran\u00e7ais\u00a0du\u00a0Mont\u00e9n\u00e9gro spoke at the press conference held on July 28 at the Budo Tomovi\u0107 Cultural Information Center of Podgorica.<\/p>\n\n\n\n<p>We thank to everyone for their participation and support.<\/p>\n","protected":false},"excerpt":{"rendered":"<p>Together with our European partners we presented the program of the tenth edition of the Montenegro Summer Camp for Chamber Music to the public. Editor of music program Maja Popovi\u0107, German ambassador to Montenegro dr Robert Weber, and Laurent Goncalves, &hellip;<\/p>\n","protected":false},"author":1,"featured_media":4180,"comment_status":"closed","ping_status":"closed","sticky":false,"template":"","format":"standard","meta":{"_acf_changed":false,"footnotes":""},"categories":[40],"tags":[],"class_list":["post-4189","post","type-post","status-publish","format-standard","has-post-thumbnail","hentry","category-news"],"acf":[],"_links":{"self":[{"href":"https:\/\/summercampforchambermusic.me\/en\/wp-json\/wp\/v2\/posts\/4189","targetHints":{"allow":["GET"]}}],"collection":[{"href":"https:\/\/summercampforchambermusic.me\/en\/wp-json\/wp\/v2\/posts"}],"about":[{"href":"https:\/\/summercampforchambermusic.me\/en\/wp-json\/wp\/v2\/types\/post"}],"author":[{"embeddable":true,"href":"https:\/\/summercampforchambermusic.me\/en\/wp-json\/wp\/v2\/users\/1"}],"replies":[{"embeddable":true,"href":"https:\/\/summercampforchambermusic.me\/en\/wp-json\/wp\/v2\/comments?post=4189"}],"version-history":[{"count":2,"href":"https:\/\/summercampforchambermusic.me\/en\/wp-json\/wp\/v2\/posts\/4189\/revisions"}],"predecessor-version":[{"id":4191,"href":"https:\/\/summercampforchambermusic.me\/en\/wp-json\/wp\/v2\/posts\/4189\/revisions\/4191"}],"wp:featuredmedia":[{"embeddable":true,"href":"https:\/\/summercampforchambermusic.me\/en\/wp-json\/wp\/v2\/media\/4180"}],"wp:attachment":[{"href":"https:\/\/summercampforchambermusic.me\/en\/wp-json\/wp\/v2\/media?parent=4189"}],"wp:term":[{"taxonomy":"category","embeddable":true,"href":"https:\/\/summercampforchambermusic.me\/en\/wp-json\/wp\/v2\/categories?post=4189"},{"taxonomy":"post_tag","embeddable":true,"href":"https:\/\/summercampforchambermusic.me\/en\/wp-json\/wp\/v2\/tags?post=4189"}],"curies":[{"name":"wp","href":"https:\/\/api.w.org\/{rel}","templated":true}]}}