{"id":2693,"date":"2018-08-06T07:58:39","date_gmt":"2018-08-06T07:58:39","guid":{"rendered":"http:\/\/summercampforchambermusic.me\/program-zavrsnih-koncerata-ucesnika-7-ljetnjeg-kampa-za-kamernu-muziku\/"},"modified":"2018-12-18T13:55:09","modified_gmt":"2018-12-18T13:55:09","slug":"program-zavrsnih-koncerata-ucesnika-7-ljetnjeg-kampa-za-kamernu-muziku","status":"publish","type":"post","link":"https:\/\/summercampforchambermusic.me\/en\/program-zavrsnih-koncerata-ucesnika-7-ljetnjeg-kampa-za-kamernu-muziku\/","title":{"rendered":"Final Concert Programs of Participants of the 7th Montenegro Summer Camp for Chamber Music"},"content":{"rendered":"<p>The final Montenegro Summer Camp for Chamber Music concerts will be held on Monday 6th August at the Ministry of Culture in Cetinje, and on Tuesday 7 August at the KIC \u201eBudo Tomovi\u0107\u201c in Podgorica, both at 8pm. <!--more-->Many chamber ensembles will perform various programs composed for standard and non-standard ensembles, from small one \u2013 duo, trio, quartet, quintet, to chamber orchestra. Concert programs will include pieces of many European composers like Wolfgang Amadeus Mozart, Franz Schubert, Johannes Brahms, Vittorio Monti, Maurice Emmanuel, Carl Reinecke, Max Reger, Gabriel Faur\u00e9, Gabriel Piern\u00e9, Sergei Rachmaninoff, Anton\u00edn Dvo\u0159\u00e1k, and many more. We created such a rich and various program to contribute marking 2018 as the European Year of Cultural Heritage.<\/p>\n","protected":false},"excerpt":{"rendered":"<p>The final Montenegro Summer Camp for Chamber Music concerts will be held on Monday 6th August at the Ministry of Culture in Cetinje, and on Tuesday 7 August at the KIC \u201eBudo Tomovi\u0107\u201c in Podgorica, both at 8pm.<\/p>\n","protected":false},"author":1,"featured_media":3064,"comment_status":"closed","ping_status":"closed","sticky":false,"template":"","format":"standard","meta":{"_acf_changed":false,"footnotes":""},"categories":[40],"tags":[],"class_list":["post-2693","post","type-post","status-publish","format-standard","has-post-thumbnail","hentry","category-news"],"acf":[],"_links":{"self":[{"href":"https:\/\/summercampforchambermusic.me\/en\/wp-json\/wp\/v2\/posts\/2693","targetHints":{"allow":["GET"]}}],"collection":[{"href":"https:\/\/summercampforchambermusic.me\/en\/wp-json\/wp\/v2\/posts"}],"about":[{"href":"https:\/\/summercampforchambermusic.me\/en\/wp-json\/wp\/v2\/types\/post"}],"author":[{"embeddable":true,"href":"https:\/\/summercampforchambermusic.me\/en\/wp-json\/wp\/v2\/users\/1"}],"replies":[{"embeddable":true,"href":"https:\/\/summercampforchambermusic.me\/en\/wp-json\/wp\/v2\/comments?post=2693"}],"version-history":[{"count":1,"href":"https:\/\/summercampforchambermusic.me\/en\/wp-json\/wp\/v2\/posts\/2693\/revisions"}],"predecessor-version":[{"id":2694,"href":"https:\/\/summercampforchambermusic.me\/en\/wp-json\/wp\/v2\/posts\/2693\/revisions\/2694"}],"wp:featuredmedia":[{"embeddable":true,"href":"https:\/\/summercampforchambermusic.me\/en\/wp-json\/wp\/v2\/media\/3064"}],"wp:attachment":[{"href":"https:\/\/summercampforchambermusic.me\/en\/wp-json\/wp\/v2\/media?parent=2693"}],"wp:term":[{"taxonomy":"category","embeddable":true,"href":"https:\/\/summercampforchambermusic.me\/en\/wp-json\/wp\/v2\/categories?post=2693"},{"taxonomy":"post_tag","embeddable":true,"href":"https:\/\/summercampforchambermusic.me\/en\/wp-json\/wp\/v2\/tags?post=2693"}],"curies":[{"name":"wp","href":"https:\/\/api.w.org\/{rel}","templated":true}]}}