{"id":2690,"date":"2018-07-30T16:56:51","date_gmt":"2018-07-30T16:56:51","guid":{"rendered":"http:\/\/summercampforchambermusic.me\/nasi-mentori-2018\/"},"modified":"2018-10-22T18:56:58","modified_gmt":"2018-10-22T18:56:58","slug":"nasi-mentori-2018","status":"publish","type":"post","link":"https:\/\/summercampforchambermusic.me\/en\/nasi-mentori-2018\/","title":{"rendered":"Our Mentors 2018"},"content":{"rendered":"<p>We are proud to announce artists and mentors who will be teaching the participants of the Montenegro Summer Camp for Chamber Music and share their music performances with them. <!--more-->Anton Martynov, violin (prof. Royal Conservatory of Music, Mons, Belgium, and CNSM, Paris), Veljko Klenkovski, clarinet (prof. Faculty of Music, Belgrade, and Belgrade Philharmonic), Eva Vetih, cello (G\u00f6ttingen Chamber Orchestra, Germany), \u017dana Leki\u0107, flute (prof. Music Academy, Cetinje), Nata\u0161a Popovi\u0107, piano (prof. Music Academy, Cetinje), Nadica Risti\u0107 Simovi\u0107, oboe, Marko Simovi\u0107, violin, Petar Obradovi\u0107, viola (Montenegro Symphony Orchestra and Vasa Pavi\u0107 Art School for Music and Dance of Podgorica), Sla\u0111ana Cveji\u0107, violin, Milan Ninkovi\u0107, cello and Ana Cerovi\u0107 Zvicer, double bass (Montenegro Symphony Orchestra).<\/p>\n","protected":false},"excerpt":{"rendered":"<p>We are proud to announce artists and mentors who will be teaching the participants of the Montenegro Summer Camp for Chamber Music and share their music performances with them.<\/p>\n","protected":false},"author":1,"featured_media":2215,"comment_status":"closed","ping_status":"closed","sticky":false,"template":"","format":"standard","meta":{"_acf_changed":false,"footnotes":""},"categories":[40],"tags":[],"class_list":["post-2690","post","type-post","status-publish","format-standard","has-post-thumbnail","hentry","category-news"],"acf":[],"_links":{"self":[{"href":"https:\/\/summercampforchambermusic.me\/en\/wp-json\/wp\/v2\/posts\/2690","targetHints":{"allow":["GET"]}}],"collection":[{"href":"https:\/\/summercampforchambermusic.me\/en\/wp-json\/wp\/v2\/posts"}],"about":[{"href":"https:\/\/summercampforchambermusic.me\/en\/wp-json\/wp\/v2\/types\/post"}],"author":[{"embeddable":true,"href":"https:\/\/summercampforchambermusic.me\/en\/wp-json\/wp\/v2\/users\/1"}],"replies":[{"embeddable":true,"href":"https:\/\/summercampforchambermusic.me\/en\/wp-json\/wp\/v2\/comments?post=2690"}],"version-history":[{"count":1,"href":"https:\/\/summercampforchambermusic.me\/en\/wp-json\/wp\/v2\/posts\/2690\/revisions"}],"predecessor-version":[{"id":2691,"href":"https:\/\/summercampforchambermusic.me\/en\/wp-json\/wp\/v2\/posts\/2690\/revisions\/2691"}],"wp:featuredmedia":[{"embeddable":true,"href":"https:\/\/summercampforchambermusic.me\/en\/wp-json\/wp\/v2\/media\/2215"}],"wp:attachment":[{"href":"https:\/\/summercampforchambermusic.me\/en\/wp-json\/wp\/v2\/media?parent=2690"}],"wp:term":[{"taxonomy":"category","embeddable":true,"href":"https:\/\/summercampforchambermusic.me\/en\/wp-json\/wp\/v2\/categories?post=2690"},{"taxonomy":"post_tag","embeddable":true,"href":"https:\/\/summercampforchambermusic.me\/en\/wp-json\/wp\/v2\/tags?post=2690"}],"curies":[{"name":"wp","href":"https:\/\/api.w.org\/{rel}","templated":true}]}}